{"id":72,"date":"2020-04-29T15:06:04","date_gmt":"2020-04-29T15:06:04","guid":{"rendered":"http:\/\/die-praline-moelln.de\/?p=72"},"modified":"2020-04-29T15:06:04","modified_gmt":"2020-04-29T15:06:04","slug":"am-10-mai-ist-muttertag","status":"publish","type":"post","link":"https:\/\/die-praline-moelln.de\/?p=72","title":{"rendered":"Am 10. Mai ist Muttertag !!!!"},"content":{"rendered":"\n<figure class=\"wp-block-image\"><img loading=\"lazy\" width=\"960\" height=\"960\" src=\"http:\/\/die-praline-moelln.de\/wp-content\/uploads\/2020\/04\/94868139_2703507769885369_2850884138716626944_o.jpg\" alt=\"\" class=\"wp-image-73\" srcset=\"https:\/\/die-praline-moelln.de\/wp-content\/uploads\/2020\/04\/94868139_2703507769885369_2850884138716626944_o.jpg 960w, https:\/\/die-praline-moelln.de\/wp-content\/uploads\/2020\/04\/94868139_2703507769885369_2850884138716626944_o-150x150.jpg 150w, https:\/\/die-praline-moelln.de\/wp-content\/uploads\/2020\/04\/94868139_2703507769885369_2850884138716626944_o-300x300.jpg 300w, https:\/\/die-praline-moelln.de\/wp-content\/uploads\/2020\/04\/94868139_2703507769885369_2850884138716626944_o-768x768.jpg 768w, https:\/\/die-praline-moelln.de\/wp-content\/uploads\/2020\/04\/94868139_2703507769885369_2850884138716626944_o-100x100.jpg 100w\" sizes=\"(max-width: 767px) 89vw, (max-width: 1000px) 54vw, (max-width: 1071px) 543px, 580px\" \/><figcaption>Nicht vergessen auch oder gerade jetzt  in Zeiten von Corona brauchen unsere M\u00fctter mal wieder ein gro\u00dfes  Dankesch\u00f6n!!!!!! Wir haben da schon mal etwas vorbereitet. <br>Ob ein Heldinnen-Taler von Niederegger oder auch ein leckerer italienischer Rosato, vielleicht auch leckere Pralinen individuell zusammengestellt von Ihnen. <br>Einfach mal vorbei schauen und sich inspirieren lassen. <br>Wir freuen uns auf Ihren Besuch. <\/figcaption><\/figure>\n","protected":false},"excerpt":{"rendered":"","protected":false},"author":2,"featured_media":0,"comment_status":"open","ping_status":"open","sticky":false,"template":"","format":"standard","meta":[],"categories":[1],"tags":[19,22,20,14,16,15,17,21,9,18],"_links":{"self":[{"href":"https:\/\/die-praline-moelln.de\/index.php?rest_route=\/wp\/v2\/posts\/72"}],"collection":[{"href":"https:\/\/die-praline-moelln.de\/index.php?rest_route=\/wp\/v2\/posts"}],"about":[{"href":"https:\/\/die-praline-moelln.de\/index.php?rest_route=\/wp\/v2\/types\/post"}],"author":[{"embeddable":true,"href":"https:\/\/die-praline-moelln.de\/index.php?rest_route=\/wp\/v2\/users\/2"}],"replies":[{"embeddable":true,"href":"https:\/\/die-praline-moelln.de\/index.php?rest_route=%2Fwp%2Fv2%2Fcomments&post=72"}],"version-history":[{"count":2,"href":"https:\/\/die-praline-moelln.de\/index.php?rest_route=\/wp\/v2\/posts\/72\/revisions"}],"predecessor-version":[{"id":75,"href":"https:\/\/die-praline-moelln.de\/index.php?rest_route=\/wp\/v2\/posts\/72\/revisions\/75"}],"wp:attachment":[{"href":"https:\/\/die-praline-moelln.de\/index.php?rest_route=%2Fwp%2Fv2%2Fmedia&parent=72"}],"wp:term":[{"taxonomy":"category","embeddable":true,"href":"https:\/\/die-praline-moelln.de\/index.php?rest_route=%2Fwp%2Fv2%2Fcategories&post=72"},{"taxonomy":"post_tag","embeddable":true,"href":"https:\/\/die-praline-moelln.de\/index.php?rest_route=%2Fwp%2Fv2%2Ftags&post=72"}],"curies":[{"name":"wp","href":"https:\/\/api.w.org\/{rel}","templated":true}]}}