{"id":224,"date":"2025-03-10T19:20:07","date_gmt":"2025-03-10T19:20:07","guid":{"rendered":"http:\/\/die-praline-moelln.de\/?p=224"},"modified":"2025-03-10T19:20:07","modified_gmt":"2025-03-10T19:20:07","slug":"ein-neues-event-im-maerz","status":"publish","type":"post","link":"https:\/\/die-praline-moelln.de\/?p=224","title":{"rendered":"Ein neues Event im M\u00e4rz&#8230;&#8230;"},"content":{"rendered":"\n<figure class=\"wp-block-image size-large is-resized\"><img loading=\"lazy\" src=\"http:\/\/die-praline-moelln.de\/wp-content\/uploads\/2025\/03\/482609333_18266498104260586_5181717464274715447_n-1024x1024.jpg\" alt=\"\" class=\"wp-image-226\" width=\"430\" height=\"430\" srcset=\"https:\/\/die-praline-moelln.de\/wp-content\/uploads\/2025\/03\/482609333_18266498104260586_5181717464274715447_n-1024x1024.jpg 1024w, https:\/\/die-praline-moelln.de\/wp-content\/uploads\/2025\/03\/482609333_18266498104260586_5181717464274715447_n-300x300.jpg 300w, https:\/\/die-praline-moelln.de\/wp-content\/uploads\/2025\/03\/482609333_18266498104260586_5181717464274715447_n-150x150.jpg 150w, https:\/\/die-praline-moelln.de\/wp-content\/uploads\/2025\/03\/482609333_18266498104260586_5181717464274715447_n-768x768.jpg 768w, https:\/\/die-praline-moelln.de\/wp-content\/uploads\/2025\/03\/482609333_18266498104260586_5181717464274715447_n-100x100.jpg 100w, https:\/\/die-praline-moelln.de\/wp-content\/uploads\/2025\/03\/482609333_18266498104260586_5181717464274715447_n.jpg 1440w\" sizes=\"(max-width: 430px) 100vw, 430px\" \/><\/figure>\n\n\n\n<p class=\"has-medium-font-size\">Fr\u00fchlingstrends in M\u00f6lln- Es wird Bunt&#8230;&#8230;&#8230;&#8230;<\/p>\n\n\n\n<p>Erlebe am 28.M\u00e4rz einen farbenfrohen Nachmittag voller frischer Trends, Inspirationen und Mega-Tombola im MC-Mode-Centrum&amp; Landau !!!!<\/p>\n\n\n\n<p>So genial: Mehr als 20 Einzelh\u00e4ndler aus M\u00f6lln pr\u00e4sentieren die neue Fr\u00fchjahrsware oder farbenfrohe Ideen f\u00fcr Dich, Dein Zuhause, Deinen Garten, Deine (Enkel-) Kinder, Deine Gaumenfreude, <\/p>\n\n\n\n<p>Alle an einem Ort. Sei dabei und lass dich inspirieren. F\u00fcr Snacks und Drinks ist gesorgt.<\/p>\n\n\n\n<p>Safe the Date: Freitag 28.M\u00e4rz 2025 von 16.00 Uhr bis 20.30 Uhr&#8230;&#8230;&#8230;<\/p>\n","protected":false},"excerpt":{"rendered":"<p>Fr\u00fchlingstrends in M\u00f6lln- Es wird Bunt&#8230;&#8230;&#8230;&#8230; Erlebe am 28.M\u00e4rz einen farbenfrohen Nachmittag voller frischer Trends, Inspirationen und Mega-Tombola im MC-Mode-Centrum&amp; Landau !!!! So genial: Mehr als 20 Einzelh\u00e4ndler aus M\u00f6lln pr\u00e4sentieren die neue Fr\u00fchjahrsware oder farbenfrohe Ideen f\u00fcr Dich, Dein Zuhause, Deinen Garten, Deine (Enkel-) Kinder, Deine Gaumenfreude, Alle an einem Ort. Sei dabei und &hellip; <\/p>\n<p class=\"link-more\"><a href=\"https:\/\/die-praline-moelln.de\/?p=224\" class=\"more-link\"><span class=\"screen-reader-text\">\u201eEin neues Event im M\u00e4rz&#8230;&#8230;\u201c<\/span> weiterlesen<\/a><\/p>\n","protected":false},"author":2,"featured_media":0,"comment_status":"open","ping_status":"open","sticky":false,"template":"","format":"standard","meta":[],"categories":[1],"tags":[],"_links":{"self":[{"href":"https:\/\/die-praline-moelln.de\/index.php?rest_route=\/wp\/v2\/posts\/224"}],"collection":[{"href":"https:\/\/die-praline-moelln.de\/index.php?rest_route=\/wp\/v2\/posts"}],"about":[{"href":"https:\/\/die-praline-moelln.de\/index.php?rest_route=\/wp\/v2\/types\/post"}],"author":[{"embeddable":true,"href":"https:\/\/die-praline-moelln.de\/index.php?rest_route=\/wp\/v2\/users\/2"}],"replies":[{"embeddable":true,"href":"https:\/\/die-praline-moelln.de\/index.php?rest_route=%2Fwp%2Fv2%2Fcomments&post=224"}],"version-history":[{"count":1,"href":"https:\/\/die-praline-moelln.de\/index.php?rest_route=\/wp\/v2\/posts\/224\/revisions"}],"predecessor-version":[{"id":227,"href":"https:\/\/die-praline-moelln.de\/index.php?rest_route=\/wp\/v2\/posts\/224\/revisions\/227"}],"wp:attachment":[{"href":"https:\/\/die-praline-moelln.de\/index.php?rest_route=%2Fwp%2Fv2%2Fmedia&parent=224"}],"wp:term":[{"taxonomy":"category","embeddable":true,"href":"https:\/\/die-praline-moelln.de\/index.php?rest_route=%2Fwp%2Fv2%2Fcategories&post=224"},{"taxonomy":"post_tag","embeddable":true,"href":"https:\/\/die-praline-moelln.de\/index.php?rest_route=%2Fwp%2Fv2%2Ftags&post=224"}],"curies":[{"name":"wp","href":"https:\/\/api.w.org\/{rel}","templated":true}]}}