{"id":164,"date":"2022-04-10T09:06:36","date_gmt":"2022-04-10T09:06:36","guid":{"rendered":"http:\/\/die-praline-moelln.de\/?p=164"},"modified":"2022-04-10T09:06:36","modified_gmt":"2022-04-10T09:06:36","slug":"der-countdown-laeuft-2","status":"publish","type":"post","link":"https:\/\/die-praline-moelln.de\/?p=164","title":{"rendered":"Der Countdown l\u00e4uft&#8230;&#8230;&#8230;"},"content":{"rendered":"\n<figure class=\"wp-block-image size-full is-resized is-style-default\"><img loading=\"lazy\" src=\"http:\/\/die-praline-moelln.de\/wp-content\/uploads\/2022\/04\/275782265_3298480497054757_6623543360210337994_n.jpg\" alt=\"\" class=\"wp-image-165\" width=\"428\" height=\"650\" srcset=\"https:\/\/die-praline-moelln.de\/wp-content\/uploads\/2022\/04\/275782265_3298480497054757_6623543360210337994_n.jpg 632w, https:\/\/die-praline-moelln.de\/wp-content\/uploads\/2022\/04\/275782265_3298480497054757_6623543360210337994_n-198x300.jpg 198w\" sizes=\"(max-width: 428px) 100vw, 428px\" \/><\/figure>\n\n\n\n<p>Bald ist schon wieder Ostern !!!!! Wie die Zeit doch vergeht&#8230;&#8230;..  <\/p>\n\n\n\n<p>Zur Zeit macht der April gerade was er will. Mal schauen wie dann das Wetter zu Ostern wird &#x1f609;. Wobei Ostereier kann man auch im Haus suchen und auch ganze Osternester sind im Haus sicherlich gut zu verstecken&#8230;..<\/p>\n\n\n\n<figure class=\"wp-block-gallery columns-1 is-cropped\"><ul class=\"blocks-gallery-grid\"><li class=\"blocks-gallery-item\"><figure><img loading=\"lazy\" width=\"720\" height=\"720\" src=\"http:\/\/die-praline-moelln.de\/wp-content\/uploads\/2022\/04\/274560947_506581514191583_4104038232537829109_n.jpg\" alt=\"\" data-id=\"166\" data-full-url=\"http:\/\/die-praline-moelln.de\/wp-content\/uploads\/2022\/04\/274560947_506581514191583_4104038232537829109_n.jpg\" data-link=\"http:\/\/die-praline-moelln.de\/?attachment_id=166\" class=\"wp-image-166\" srcset=\"https:\/\/die-praline-moelln.de\/wp-content\/uploads\/2022\/04\/274560947_506581514191583_4104038232537829109_n.jpg 720w, https:\/\/die-praline-moelln.de\/wp-content\/uploads\/2022\/04\/274560947_506581514191583_4104038232537829109_n-300x300.jpg 300w, https:\/\/die-praline-moelln.de\/wp-content\/uploads\/2022\/04\/274560947_506581514191583_4104038232537829109_n-150x150.jpg 150w, https:\/\/die-praline-moelln.de\/wp-content\/uploads\/2022\/04\/274560947_506581514191583_4104038232537829109_n-100x100.jpg 100w\" sizes=\"(max-width: 720px) 100vw, 720px\" \/><\/figure><\/li><\/ul><\/figure>\n\n\n\n<p>Neben den bekannten &#8222;Lindt&#8220; Hasen haben wir auch noch s\u00fc\u00dfe kleine Hasen von der kleinen Schokoladen Manufaktur aus Uetersen : Daja-Chocolate, &#8222;Sacher&#8220;-Torten der Firma &#8222;Gmeiner und nat\u00fcrlich viele leckere Ostereier f\u00fcr gro\u00df und klein.<\/p>\n\n\n\n<p>Neu dieses Jahr: Der Franzi !!!! Das ist ein super leckerer Sahnelik\u00f6r der nach Franzbr\u00f6tchen schmeckt&#8230;..einfach ein Muss ,wenn man so wie ich auf Franzbr\u00f6tchen steht. <\/p>\n\n\n\n<p>Dann nat\u00fcrlich die \u00fcblichen Verd\u00e4chtigen Leckereien von Niederegger, Lanwehr,                   Nelle Ulla usw. ! Ein Besuch lohnt sich auf jeden Fall.<\/p>\n\n\n\n<p>Liebe Gr\u00fc\u00dfe vom Praline-Team<\/p>\n","protected":false},"excerpt":{"rendered":"<p>Bald ist schon wieder Ostern !!!!! Wie die Zeit doch vergeht&#8230;&#8230;.. Zur Zeit macht der April gerade was er will. Mal schauen wie dann das Wetter zu Ostern wird &#x1f609;. Wobei Ostereier kann man auch im Haus suchen und auch ganze Osternester sind im Haus sicherlich gut zu verstecken&#8230;.. Neben den bekannten &#8222;Lindt&#8220; Hasen haben &hellip; <\/p>\n<p class=\"link-more\"><a href=\"https:\/\/die-praline-moelln.de\/?p=164\" class=\"more-link\"><span class=\"screen-reader-text\">\u201eDer Countdown l\u00e4uft&#8230;&#8230;&#8230;\u201c<\/span> weiterlesen<\/a><\/p>\n","protected":false},"author":2,"featured_media":0,"comment_status":"open","ping_status":"open","sticky":false,"template":"","format":"standard","meta":[],"categories":[1],"tags":[],"_links":{"self":[{"href":"https:\/\/die-praline-moelln.de\/index.php?rest_route=\/wp\/v2\/posts\/164"}],"collection":[{"href":"https:\/\/die-praline-moelln.de\/index.php?rest_route=\/wp\/v2\/posts"}],"about":[{"href":"https:\/\/die-praline-moelln.de\/index.php?rest_route=\/wp\/v2\/types\/post"}],"author":[{"embeddable":true,"href":"https:\/\/die-praline-moelln.de\/index.php?rest_route=\/wp\/v2\/users\/2"}],"replies":[{"embeddable":true,"href":"https:\/\/die-praline-moelln.de\/index.php?rest_route=%2Fwp%2Fv2%2Fcomments&post=164"}],"version-history":[{"count":2,"href":"https:\/\/die-praline-moelln.de\/index.php?rest_route=\/wp\/v2\/posts\/164\/revisions"}],"predecessor-version":[{"id":168,"href":"https:\/\/die-praline-moelln.de\/index.php?rest_route=\/wp\/v2\/posts\/164\/revisions\/168"}],"wp:attachment":[{"href":"https:\/\/die-praline-moelln.de\/index.php?rest_route=%2Fwp%2Fv2%2Fmedia&parent=164"}],"wp:term":[{"taxonomy":"category","embeddable":true,"href":"https:\/\/die-praline-moelln.de\/index.php?rest_route=%2Fwp%2Fv2%2Fcategories&post=164"},{"taxonomy":"post_tag","embeddable":true,"href":"https:\/\/die-praline-moelln.de\/index.php?rest_route=%2Fwp%2Fv2%2Ftags&post=164"}],"curies":[{"name":"wp","href":"https:\/\/api.w.org\/{rel}","templated":true}]}}